{"id":11307,"date":"2016-12-05T11:26:26","date_gmt":"2016-12-05T10:26:26","guid":{"rendered":"https:\/\/www.autohome-official.com\/de\/2016\/12\/05\/stephan-wermuth\/"},"modified":"2022-05-30T17:07:32","modified_gmt":"2022-05-30T15:07:32","slug":"stephan-wermuth","status":"publish","type":"post","link":"https:\/\/www.autohome-official.com\/de\/stephan-wermuth\/","title":{"rendered":"Stephan Wermuth"},"content":{"rendered":"<p><span class=\"textstandard_giallo\"><span class=\"textstandard_grigio\">\u201cBei Tag sehe ich D\u00fcnen, die so hoch wie Berge sind, bei Nacht wartet ein 5 Sterne Schlafzimmer auf mich. Zwar ist meine Maggiolina in den meisten F\u00e4llen der Star, aber ich bin trotzdem nicht eifers\u00fcchtig. Im Gegenteil; ich bin sehr stolz darauf, dass ich die Fotos, die ich schie\u00dfe, mit ihrer Hilfe gemacht habe. Diese Fotos schm\u00fccken auch meine Hauswand\u2026 Wenn man am Ende der Welt ist, wei\u00df man nicht, was einen erwartet. Deshalb ist es besser, wenn man gut ausger\u00fcstet ist.\u201d<\/span><\/span><\/p>\n","protected":false},"excerpt":{"rendered":"<p>\u201cBei Tag sehe ich D\u00fcnen, die so hoch wie Berge sind, bei Nacht wartet ein 5 Sterne Schlafzimmer auf mich. Zwar ist meine Maggiolina in den<span class=\"excerpt-hellip\"> [\u2026]<\/span><\/p>\n","protected":false},"author":4,"featured_media":63543,"comment_status":"closed","ping_status":"closed","sticky":false,"template":"","format":"standard","meta":{"footnotes":""},"categories":[40],"tags":[],"class_list":["post-11307","post","type-post","status-publish","format-standard","has-post-thumbnail","hentry","category-testimonial-de"],"yoast_head":"<!-- This site is optimized with the Yoast SEO Premium plugin v23.7 (Yoast SEO v23.7) - https:\/\/yoast.com\/wordpress\/plugins\/seo\/ -->\n<title>Stephan Wermuth - Autohome Official<\/title>\n<meta name=\"description\" content=\"\u201cBei Tag sehe ich D\u00fcnen, die so hoch wie Berge sind, bei Nacht wartet ein 5 Sterne Schlafzimmer auf mich. Zwar ist meine Maggiolina in den meisten F\u00e4llen\" \/>\n<meta name=\"robots\" content=\"index, follow, max-snippet:-1, max-image-preview:large, max-video-preview:-1\" \/>\n<link rel=\"canonical\" href=\"https:\/\/www.autohome-official.com\/de\/stephan-wermuth\/\" \/>\n<meta property=\"og:locale\" content=\"de_DE\" \/>\n<meta property=\"og:type\" content=\"article\" \/>\n<meta property=\"og:title\" content=\"Stephan Wermuth - Autohome Official\" \/>\n<meta property=\"og:description\" content=\"\u201cBei Tag sehe ich D\u00fcnen, die so hoch wie Berge sind, bei Nacht wartet ein 5 Sterne Schlafzimmer auf mich. Zwar ist meine Maggiolina in den meisten F\u00e4llen\" \/>\n<meta property=\"og:url\" content=\"https:\/\/www.autohome-official.com\/de\/stephan-wermuth\/\" \/>\n<meta property=\"og:site_name\" content=\"Autohome Official\" \/>\n<meta property=\"article:publisher\" content=\"https:\/\/www.facebook.com\/Autohome.Official.Page\" \/>\n<meta property=\"article:published_time\" content=\"2016-12-05T10:26:26+00:00\" \/>\n<meta property=\"article:modified_time\" content=\"2022-05-30T15:07:32+00:00\" \/>\n<meta property=\"og:image\" content=\"https:\/\/www.autohome-official.com\/wp-content\/uploads\/2016\/12\/Wermuth-1-1.jpg\" \/>\n\t<meta property=\"og:image:width\" content=\"467\" \/>\n\t<meta property=\"og:image:height\" content=\"84\" \/>\n\t<meta property=\"og:image:type\" content=\"image\/jpeg\" \/>\n<meta name=\"author\" content=\"Amministratore Autohome\" \/>\n<meta name=\"twitter:card\" content=\"summary_large_image\" \/>\n<meta name=\"twitter:label1\" content=\"Verfasst von\" \/>\n\t<meta name=\"twitter:data1\" content=\"Amministratore Autohome\" \/>\n<script type=\"application\/ld+json\" class=\"yoast-schema-graph\">{\"@context\":\"https:\/\/schema.org\",\"@graph\":[{\"@type\":\"Article\",\"@id\":\"https:\/\/www.autohome-official.com\/de\/stephan-wermuth\/#article\",\"isPartOf\":{\"@id\":\"https:\/\/www.autohome-official.com\/de\/stephan-wermuth\/\"},\"author\":{\"name\":\"Amministratore Autohome\",\"@id\":\"https:\/\/www.autohome-official.com\/#\/schema\/person\/5aa3811ff9a65adae9d352ca25100f4f\"},\"headline\":\"Stephan Wermuth\",\"datePublished\":\"2016-12-05T10:26:26+00:00\",\"dateModified\":\"2022-05-30T15:07:32+00:00\",\"mainEntityOfPage\":{\"@id\":\"https:\/\/www.autohome-official.com\/de\/stephan-wermuth\/\"},\"wordCount\":90,\"publisher\":{\"@id\":\"https:\/\/www.autohome-official.com\/#organization\"},\"image\":{\"@id\":\"https:\/\/www.autohome-official.com\/de\/stephan-wermuth\/#primaryimage\"},\"thumbnailUrl\":\"https:\/\/www.autohome-official.com\/wp-content\/uploads\/2016\/12\/Wermuth-1-1.jpg\",\"articleSection\":[\"testimonial\"],\"inLanguage\":\"de\"},{\"@type\":\"WebPage\",\"@id\":\"https:\/\/www.autohome-official.com\/de\/stephan-wermuth\/\",\"url\":\"https:\/\/www.autohome-official.com\/de\/stephan-wermuth\/\",\"name\":\"Stephan Wermuth - Autohome Official\",\"isPartOf\":{\"@id\":\"https:\/\/www.autohome-official.com\/#website\"},\"primaryImageOfPage\":{\"@id\":\"https:\/\/www.autohome-official.com\/de\/stephan-wermuth\/#primaryimage\"},\"image\":{\"@id\":\"https:\/\/www.autohome-official.com\/de\/stephan-wermuth\/#primaryimage\"},\"thumbnailUrl\":\"https:\/\/www.autohome-official.com\/wp-content\/uploads\/2016\/12\/Wermuth-1-1.jpg\",\"datePublished\":\"2016-12-05T10:26:26+00:00\",\"dateModified\":\"2022-05-30T15:07:32+00:00\",\"description\":\"\u201cBei Tag sehe ich D\u00fcnen, die so hoch wie Berge sind, bei Nacht wartet ein 5 Sterne Schlafzimmer auf mich. Zwar ist meine Maggiolina in den meisten F\u00e4llen\",\"breadcrumb\":{\"@id\":\"https:\/\/www.autohome-official.com\/de\/stephan-wermuth\/#breadcrumb\"},\"inLanguage\":\"de\",\"potentialAction\":[{\"@type\":\"ReadAction\",\"target\":[\"https:\/\/www.autohome-official.com\/de\/stephan-wermuth\/\"]}]},{\"@type\":\"ImageObject\",\"inLanguage\":\"de\",\"@id\":\"https:\/\/www.autohome-official.com\/de\/stephan-wermuth\/#primaryimage\",\"url\":\"https:\/\/www.autohome-official.com\/wp-content\/uploads\/2016\/12\/Wermuth-1-1.jpg\",\"contentUrl\":\"https:\/\/www.autohome-official.com\/wp-content\/uploads\/2016\/12\/Wermuth-1-1.jpg\",\"width\":467,\"height\":84,\"caption\":\"Autohome Dachzelt - Roof Top Tents testimonial\"},{\"@type\":\"BreadcrumbList\",\"@id\":\"https:\/\/www.autohome-official.com\/de\/stephan-wermuth\/#breadcrumb\",\"itemListElement\":[{\"@type\":\"ListItem\",\"position\":1,\"name\":\"Home\",\"item\":\"https:\/\/www.autohome-official.com\/de\/\"},{\"@type\":\"ListItem\",\"position\":2,\"name\":\"Stephan Wermuth\"}]},{\"@type\":\"WebSite\",\"@id\":\"https:\/\/www.autohome-official.com\/#website\",\"url\":\"https:\/\/www.autohome-official.com\/\",\"name\":\"Autohome\",\"description\":\"Tende da tetto - Dachzelte - Tentes de Toit - Roof Top Tents\",\"publisher\":{\"@id\":\"https:\/\/www.autohome-official.com\/#organization\"},\"alternateName\":\"Autohome Official\",\"potentialAction\":[{\"@type\":\"SearchAction\",\"target\":{\"@type\":\"EntryPoint\",\"urlTemplate\":\"https:\/\/www.autohome-official.com\/?s={search_term_string}\"},\"query-input\":{\"@type\":\"PropertyValueSpecification\",\"valueRequired\":true,\"valueName\":\"search_term_string\"}}],\"inLanguage\":\"de\"},{\"@type\":\"Organization\",\"@id\":\"https:\/\/www.autohome-official.com\/#organization\",\"name\":\"Autohome\",\"alternateName\":\"Autohome Official\",\"url\":\"https:\/\/www.autohome-official.com\/\",\"logo\":{\"@type\":\"ImageObject\",\"inLanguage\":\"de\",\"@id\":\"https:\/\/www.autohome-official.com\/#\/schema\/logo\/image\/\",\"url\":\"https:\/\/www.autohome-official.com\/wp-content\/uploads\/2026\/02\/Maggiolina-Autohome-logo.jpg\",\"contentUrl\":\"https:\/\/www.autohome-official.com\/wp-content\/uploads\/2026\/02\/Maggiolina-Autohome-logo.jpg\",\"width\":512,\"height\":512,\"caption\":\"Autohome\"},\"image\":{\"@id\":\"https:\/\/www.autohome-official.com\/#\/schema\/logo\/image\/\"},\"sameAs\":[\"https:\/\/www.facebook.com\/Autohome.Official.Page\",\"https:\/\/www.instagram.com\/autohome_official\/\",\"http:\/\/www.youtube.com\/user\/AutohomeOfficial\"],\"description\":\"Le prime tende da tetto auto al mondo, prodotte in Italia dal 1958.\",\"email\":\"info@autohome.it\",\"telephone\":\"0039 0376 99590\",\"legalName\":\"Zifer Italia SRL\",\"vatID\":\"IT01329850208\"},{\"@type\":\"Person\",\"@id\":\"https:\/\/www.autohome-official.com\/#\/schema\/person\/5aa3811ff9a65adae9d352ca25100f4f\",\"name\":\"Amministratore Autohome\",\"image\":{\"@type\":\"ImageObject\",\"inLanguage\":\"de\",\"@id\":\"https:\/\/www.autohome-official.com\/#\/schema\/person\/image\/\",\"url\":\"https:\/\/secure.gravatar.com\/avatar\/22f0ddef847ba3001bb77fafef22836e?s=96&d=mm&r=g\",\"contentUrl\":\"https:\/\/secure.gravatar.com\/avatar\/22f0ddef847ba3001bb77fafef22836e?s=96&d=mm&r=g\",\"caption\":\"Amministratore Autohome\"}}]}<\/script>\n<!-- \/ Yoast SEO Premium plugin. -->","yoast_head_json":{"title":"Stephan Wermuth - Autohome Official","description":"\u201cBei Tag sehe ich D\u00fcnen, die so hoch wie Berge sind, bei Nacht wartet ein 5 Sterne Schlafzimmer auf mich. Zwar ist meine Maggiolina in den meisten F\u00e4llen","robots":{"index":"index","follow":"follow","max-snippet":"max-snippet:-1","max-image-preview":"max-image-preview:large","max-video-preview":"max-video-preview:-1"},"canonical":"https:\/\/www.autohome-official.com\/de\/stephan-wermuth\/","og_locale":"de_DE","og_type":"article","og_title":"Stephan Wermuth - Autohome Official","og_description":"\u201cBei Tag sehe ich D\u00fcnen, die so hoch wie Berge sind, bei Nacht wartet ein 5 Sterne Schlafzimmer auf mich. Zwar ist meine Maggiolina in den meisten F\u00e4llen","og_url":"https:\/\/www.autohome-official.com\/de\/stephan-wermuth\/","og_site_name":"Autohome Official","article_publisher":"https:\/\/www.facebook.com\/Autohome.Official.Page","article_published_time":"2016-12-05T10:26:26+00:00","article_modified_time":"2022-05-30T15:07:32+00:00","og_image":[{"width":467,"height":84,"url":"https:\/\/www.autohome-official.com\/wp-content\/uploads\/2016\/12\/Wermuth-1-1.jpg","type":"image\/jpeg"}],"author":"Amministratore Autohome","twitter_card":"summary_large_image","twitter_misc":{"Verfasst von":"Amministratore Autohome"},"schema":{"@context":"https:\/\/schema.org","@graph":[{"@type":"Article","@id":"https:\/\/www.autohome-official.com\/de\/stephan-wermuth\/#article","isPartOf":{"@id":"https:\/\/www.autohome-official.com\/de\/stephan-wermuth\/"},"author":{"name":"Amministratore Autohome","@id":"https:\/\/www.autohome-official.com\/#\/schema\/person\/5aa3811ff9a65adae9d352ca25100f4f"},"headline":"Stephan Wermuth","datePublished":"2016-12-05T10:26:26+00:00","dateModified":"2022-05-30T15:07:32+00:00","mainEntityOfPage":{"@id":"https:\/\/www.autohome-official.com\/de\/stephan-wermuth\/"},"wordCount":90,"publisher":{"@id":"https:\/\/www.autohome-official.com\/#organization"},"image":{"@id":"https:\/\/www.autohome-official.com\/de\/stephan-wermuth\/#primaryimage"},"thumbnailUrl":"https:\/\/www.autohome-official.com\/wp-content\/uploads\/2016\/12\/Wermuth-1-1.jpg","articleSection":["testimonial"],"inLanguage":"de"},{"@type":"WebPage","@id":"https:\/\/www.autohome-official.com\/de\/stephan-wermuth\/","url":"https:\/\/www.autohome-official.com\/de\/stephan-wermuth\/","name":"Stephan Wermuth - Autohome Official","isPartOf":{"@id":"https:\/\/www.autohome-official.com\/#website"},"primaryImageOfPage":{"@id":"https:\/\/www.autohome-official.com\/de\/stephan-wermuth\/#primaryimage"},"image":{"@id":"https:\/\/www.autohome-official.com\/de\/stephan-wermuth\/#primaryimage"},"thumbnailUrl":"https:\/\/www.autohome-official.com\/wp-content\/uploads\/2016\/12\/Wermuth-1-1.jpg","datePublished":"2016-12-05T10:26:26+00:00","dateModified":"2022-05-30T15:07:32+00:00","description":"\u201cBei Tag sehe ich D\u00fcnen, die so hoch wie Berge sind, bei Nacht wartet ein 5 Sterne Schlafzimmer auf mich. Zwar ist meine Maggiolina in den meisten F\u00e4llen","breadcrumb":{"@id":"https:\/\/www.autohome-official.com\/de\/stephan-wermuth\/#breadcrumb"},"inLanguage":"de","potentialAction":[{"@type":"ReadAction","target":["https:\/\/www.autohome-official.com\/de\/stephan-wermuth\/"]}]},{"@type":"ImageObject","inLanguage":"de","@id":"https:\/\/www.autohome-official.com\/de\/stephan-wermuth\/#primaryimage","url":"https:\/\/www.autohome-official.com\/wp-content\/uploads\/2016\/12\/Wermuth-1-1.jpg","contentUrl":"https:\/\/www.autohome-official.com\/wp-content\/uploads\/2016\/12\/Wermuth-1-1.jpg","width":467,"height":84,"caption":"Autohome Dachzelt - Roof Top Tents testimonial"},{"@type":"BreadcrumbList","@id":"https:\/\/www.autohome-official.com\/de\/stephan-wermuth\/#breadcrumb","itemListElement":[{"@type":"ListItem","position":1,"name":"Home","item":"https:\/\/www.autohome-official.com\/de\/"},{"@type":"ListItem","position":2,"name":"Stephan Wermuth"}]},{"@type":"WebSite","@id":"https:\/\/www.autohome-official.com\/#website","url":"https:\/\/www.autohome-official.com\/","name":"Autohome","description":"Tende da tetto - Dachzelte - Tentes de Toit - Roof Top Tents","publisher":{"@id":"https:\/\/www.autohome-official.com\/#organization"},"alternateName":"Autohome Official","potentialAction":[{"@type":"SearchAction","target":{"@type":"EntryPoint","urlTemplate":"https:\/\/www.autohome-official.com\/?s={search_term_string}"},"query-input":{"@type":"PropertyValueSpecification","valueRequired":true,"valueName":"search_term_string"}}],"inLanguage":"de"},{"@type":"Organization","@id":"https:\/\/www.autohome-official.com\/#organization","name":"Autohome","alternateName":"Autohome Official","url":"https:\/\/www.autohome-official.com\/","logo":{"@type":"ImageObject","inLanguage":"de","@id":"https:\/\/www.autohome-official.com\/#\/schema\/logo\/image\/","url":"https:\/\/www.autohome-official.com\/wp-content\/uploads\/2026\/02\/Maggiolina-Autohome-logo.jpg","contentUrl":"https:\/\/www.autohome-official.com\/wp-content\/uploads\/2026\/02\/Maggiolina-Autohome-logo.jpg","width":512,"height":512,"caption":"Autohome"},"image":{"@id":"https:\/\/www.autohome-official.com\/#\/schema\/logo\/image\/"},"sameAs":["https:\/\/www.facebook.com\/Autohome.Official.Page","https:\/\/www.instagram.com\/autohome_official\/","http:\/\/www.youtube.com\/user\/AutohomeOfficial"],"description":"Le prime tende da tetto auto al mondo, prodotte in Italia dal 1958.","email":"info@autohome.it","telephone":"0039 0376 99590","legalName":"Zifer Italia SRL","vatID":"IT01329850208"},{"@type":"Person","@id":"https:\/\/www.autohome-official.com\/#\/schema\/person\/5aa3811ff9a65adae9d352ca25100f4f","name":"Amministratore Autohome","image":{"@type":"ImageObject","inLanguage":"de","@id":"https:\/\/www.autohome-official.com\/#\/schema\/person\/image\/","url":"https:\/\/secure.gravatar.com\/avatar\/22f0ddef847ba3001bb77fafef22836e?s=96&d=mm&r=g","contentUrl":"https:\/\/secure.gravatar.com\/avatar\/22f0ddef847ba3001bb77fafef22836e?s=96&d=mm&r=g","caption":"Amministratore Autohome"}}]}},"_links":{"self":[{"href":"https:\/\/www.autohome-official.com\/de\/wp-json\/wp\/v2\/posts\/11307"}],"collection":[{"href":"https:\/\/www.autohome-official.com\/de\/wp-json\/wp\/v2\/posts"}],"about":[{"href":"https:\/\/www.autohome-official.com\/de\/wp-json\/wp\/v2\/types\/post"}],"author":[{"embeddable":true,"href":"https:\/\/www.autohome-official.com\/de\/wp-json\/wp\/v2\/users\/4"}],"replies":[{"embeddable":true,"href":"https:\/\/www.autohome-official.com\/de\/wp-json\/wp\/v2\/comments?post=11307"}],"version-history":[{"count":1,"href":"https:\/\/www.autohome-official.com\/de\/wp-json\/wp\/v2\/posts\/11307\/revisions"}],"predecessor-version":[{"id":63816,"href":"https:\/\/www.autohome-official.com\/de\/wp-json\/wp\/v2\/posts\/11307\/revisions\/63816"}],"wp:featuredmedia":[{"embeddable":true,"href":"https:\/\/www.autohome-official.com\/de\/wp-json\/wp\/v2\/media\/63543"}],"wp:attachment":[{"href":"https:\/\/www.autohome-official.com\/de\/wp-json\/wp\/v2\/media?parent=11307"}],"wp:term":[{"taxonomy":"category","embeddable":true,"href":"https:\/\/www.autohome-official.com\/de\/wp-json\/wp\/v2\/categories?post=11307"},{"taxonomy":"post_tag","embeddable":true,"href":"https:\/\/www.autohome-official.com\/de\/wp-json\/wp\/v2\/tags?post=11307"}],"curies":[{"name":"wp","href":"https:\/\/api.w.org\/{rel}","templated":true}]}}