{"id":17568,"date":"2016-12-02T15:33:50","date_gmt":"2016-12-02T14:33:50","guid":{"rendered":"https:\/\/www.autohome-official.com\/2016\/12\/02\/any-soares-di-capoverde-e-daniele-benzi-di-milano\/"},"modified":"2026-01-23T17:46:02","modified_gmt":"2026-01-23T16:46:02","slug":"any-soares-di-capoverde-e-daniele-benzi-di-milano","status":"publish","type":"post","link":"https:\/\/www.autohome-official.com\/fr\/any-soares-di-capoverde-e-daniele-benzi-di-milano\/","title":{"rendered":"Any Soares di Capoverde e Daniele Benzi di Milano"},"content":{"rendered":"<p><span class=\"textstandard_giallo\">\u00ab\u00a0Notre \u00e9quipe est compos\u00e9e de graphistes et de photographes qui ont une grande passion pour notre travail et qui, avec une bonne dose de cr\u00e9ativit\u00e9 et de curiosit\u00e9, nous poussent \u00e0 d\u00e9couvrir toujours des parcours diff\u00e9rents. Les forces magiques qui dominent le royaume des l\u00e9gendes nordiques semblent avoir inspir\u00e9 notre voyage jusqu&rsquo;au point o\u00f9 le dernier rayon de soleil comparait. C&rsquo;est fantastique!\u00a0\u00bb<br \/>\n<\/span><\/p>\n","protected":false},"excerpt":{"rendered":"<p>\u00ab\u00a0Notre \u00e9quipe est compos\u00e9e de graphistes et de photographes qui ont une grande passion pour notre travail et qui, avec une bonne dose de cr\u00e9ativit\u00e9 et<span class=\"excerpt-hellip\"> [\u2026]<\/span><\/p>\n","protected":false},"author":4,"featured_media":63472,"comment_status":"closed","ping_status":"closed","sticky":false,"template":"","format":"standard","meta":{"footnotes":""},"categories":[160],"tags":[],"class_list":["post-17568","post","type-post","status-publish","format-standard","has-post-thumbnail","hentry","category-testimonial-fr"],"yoast_head":"<!-- This site is optimized with the Yoast SEO Premium plugin v23.7 (Yoast SEO v23.7) - https:\/\/yoast.com\/wordpress\/plugins\/seo\/ -->\n<title>Any Soares di Capoverde e Daniele Benzi di Milano - Autohome Official<\/title>\n<meta name=\"description\" content=\"&quot;Notre \u00e9quipe est compos\u00e9e de graphistes et de photographes qui ont une grande passion pour notre travail et qui, avec une bonne dose de cr\u00e9ativit\u00e9 et de\" \/>\n<meta name=\"robots\" content=\"index, follow, max-snippet:-1, max-image-preview:large, max-video-preview:-1\" \/>\n<link rel=\"canonical\" href=\"https:\/\/www.autohome-official.com\/fr\/any-soares-di-capoverde-e-daniele-benzi-di-milano\/\" \/>\n<meta property=\"og:locale\" content=\"fr_FR\" \/>\n<meta property=\"og:type\" content=\"article\" \/>\n<meta property=\"og:title\" content=\"Any Soares di Capoverde e Daniele Benzi di Milano - Autohome Official\" \/>\n<meta property=\"og:description\" content=\"&quot;Notre \u00e9quipe est compos\u00e9e de graphistes et de photographes qui ont une grande passion pour notre travail et qui, avec une bonne dose de cr\u00e9ativit\u00e9 et de\" \/>\n<meta property=\"og:url\" content=\"https:\/\/www.autohome-official.com\/fr\/any-soares-di-capoverde-e-daniele-benzi-di-milano\/\" \/>\n<meta property=\"og:site_name\" content=\"Autohome Official\" \/>\n<meta property=\"article:publisher\" content=\"https:\/\/www.facebook.com\/Autohome.Official.Page\" \/>\n<meta property=\"article:published_time\" content=\"2016-12-02T14:33:50+00:00\" \/>\n<meta property=\"article:modified_time\" content=\"2026-01-23T16:46:02+00:00\" \/>\n<meta property=\"og:image\" content=\"https:\/\/www.autohome-official.com\/wp-content\/uploads\/2016\/12\/soares_benzi-1.jpg\" \/>\n\t<meta property=\"og:image:width\" content=\"467\" \/>\n\t<meta property=\"og:image:height\" content=\"84\" \/>\n\t<meta property=\"og:image:type\" content=\"image\/jpeg\" \/>\n<meta name=\"author\" content=\"Amministratore Autohome\" \/>\n<meta name=\"twitter:card\" content=\"summary_large_image\" \/>\n<meta name=\"twitter:label1\" content=\"\u00c9crit par\" \/>\n\t<meta name=\"twitter:data1\" content=\"Amministratore Autohome\" \/>\n\t<meta name=\"twitter:label2\" content=\"Dur\u00e9e de lecture estim\u00e9e\" \/>\n\t<meta name=\"twitter:data2\" content=\"1 minute\" \/>\n<script type=\"application\/ld+json\" class=\"yoast-schema-graph\">{\"@context\":\"https:\/\/schema.org\",\"@graph\":[{\"@type\":\"Article\",\"@id\":\"https:\/\/www.autohome-official.com\/fr\/any-soares-di-capoverde-e-daniele-benzi-di-milano\/#article\",\"isPartOf\":{\"@id\":\"https:\/\/www.autohome-official.com\/fr\/any-soares-di-capoverde-e-daniele-benzi-di-milano\/\"},\"author\":{\"name\":\"Amministratore Autohome\",\"@id\":\"https:\/\/www.autohome-official.com\/#\/schema\/person\/5aa3811ff9a65adae9d352ca25100f4f\"},\"headline\":\"Any Soares di Capoverde e Daniele Benzi di Milano\",\"datePublished\":\"2016-12-02T14:33:50+00:00\",\"dateModified\":\"2026-01-23T16:46:02+00:00\",\"mainEntityOfPage\":{\"@id\":\"https:\/\/www.autohome-official.com\/fr\/any-soares-di-capoverde-e-daniele-benzi-di-milano\/\"},\"wordCount\":75,\"publisher\":{\"@id\":\"https:\/\/www.autohome-official.com\/#organization\"},\"image\":{\"@id\":\"https:\/\/www.autohome-official.com\/fr\/any-soares-di-capoverde-e-daniele-benzi-di-milano\/#primaryimage\"},\"thumbnailUrl\":\"https:\/\/www.autohome-official.com\/wp-content\/uploads\/2016\/12\/soares_benzi-1.jpg\",\"articleSection\":[\"testimonial\"],\"inLanguage\":\"fr-FR\"},{\"@type\":\"WebPage\",\"@id\":\"https:\/\/www.autohome-official.com\/fr\/any-soares-di-capoverde-e-daniele-benzi-di-milano\/\",\"url\":\"https:\/\/www.autohome-official.com\/fr\/any-soares-di-capoverde-e-daniele-benzi-di-milano\/\",\"name\":\"Any Soares di Capoverde e Daniele Benzi di Milano - Autohome Official\",\"isPartOf\":{\"@id\":\"https:\/\/www.autohome-official.com\/#website\"},\"primaryImageOfPage\":{\"@id\":\"https:\/\/www.autohome-official.com\/fr\/any-soares-di-capoverde-e-daniele-benzi-di-milano\/#primaryimage\"},\"image\":{\"@id\":\"https:\/\/www.autohome-official.com\/fr\/any-soares-di-capoverde-e-daniele-benzi-di-milano\/#primaryimage\"},\"thumbnailUrl\":\"https:\/\/www.autohome-official.com\/wp-content\/uploads\/2016\/12\/soares_benzi-1.jpg\",\"datePublished\":\"2016-12-02T14:33:50+00:00\",\"dateModified\":\"2026-01-23T16:46:02+00:00\",\"description\":\"\\\"Notre \u00e9quipe est compos\u00e9e de graphistes et de photographes qui ont une grande passion pour notre travail et qui, avec une bonne dose de cr\u00e9ativit\u00e9 et de\",\"breadcrumb\":{\"@id\":\"https:\/\/www.autohome-official.com\/fr\/any-soares-di-capoverde-e-daniele-benzi-di-milano\/#breadcrumb\"},\"inLanguage\":\"fr-FR\",\"potentialAction\":[{\"@type\":\"ReadAction\",\"target\":[\"https:\/\/www.autohome-official.com\/fr\/any-soares-di-capoverde-e-daniele-benzi-di-milano\/\"]}]},{\"@type\":\"ImageObject\",\"inLanguage\":\"fr-FR\",\"@id\":\"https:\/\/www.autohome-official.com\/fr\/any-soares-di-capoverde-e-daniele-benzi-di-milano\/#primaryimage\",\"url\":\"https:\/\/www.autohome-official.com\/wp-content\/uploads\/2016\/12\/soares_benzi-1.jpg\",\"contentUrl\":\"https:\/\/www.autohome-official.com\/wp-content\/uploads\/2016\/12\/soares_benzi-1.jpg\",\"width\":467,\"height\":84,\"caption\":\"Autohome Dachzelt - Roof Top Tents testimonial\"},{\"@type\":\"BreadcrumbList\",\"@id\":\"https:\/\/www.autohome-official.com\/fr\/any-soares-di-capoverde-e-daniele-benzi-di-milano\/#breadcrumb\",\"itemListElement\":[{\"@type\":\"ListItem\",\"position\":1,\"name\":\"Home\",\"item\":\"https:\/\/www.autohome-official.com\/fr\/\"},{\"@type\":\"ListItem\",\"position\":2,\"name\":\"Any Soares di Capoverde e Daniele Benzi di Milano\"}]},{\"@type\":\"WebSite\",\"@id\":\"https:\/\/www.autohome-official.com\/#website\",\"url\":\"https:\/\/www.autohome-official.com\/\",\"name\":\"Autohome\",\"description\":\"Tende da tetto - Dachzelte - Tentes de Toit - Roof Top Tents\",\"publisher\":{\"@id\":\"https:\/\/www.autohome-official.com\/#organization\"},\"alternateName\":\"Autohome Official\",\"potentialAction\":[{\"@type\":\"SearchAction\",\"target\":{\"@type\":\"EntryPoint\",\"urlTemplate\":\"https:\/\/www.autohome-official.com\/?s={search_term_string}\"},\"query-input\":{\"@type\":\"PropertyValueSpecification\",\"valueRequired\":true,\"valueName\":\"search_term_string\"}}],\"inLanguage\":\"fr-FR\"},{\"@type\":\"Organization\",\"@id\":\"https:\/\/www.autohome-official.com\/#organization\",\"name\":\"Autohome\",\"alternateName\":\"Autohome Official\",\"url\":\"https:\/\/www.autohome-official.com\/\",\"logo\":{\"@type\":\"ImageObject\",\"inLanguage\":\"fr-FR\",\"@id\":\"https:\/\/www.autohome-official.com\/#\/schema\/logo\/image\/\",\"url\":\"https:\/\/www.autohome-official.com\/wp-content\/uploads\/2026\/02\/Maggiolina-Autohome-logo.jpg\",\"contentUrl\":\"https:\/\/www.autohome-official.com\/wp-content\/uploads\/2026\/02\/Maggiolina-Autohome-logo.jpg\",\"width\":512,\"height\":512,\"caption\":\"Autohome\"},\"image\":{\"@id\":\"https:\/\/www.autohome-official.com\/#\/schema\/logo\/image\/\"},\"sameAs\":[\"https:\/\/www.facebook.com\/Autohome.Official.Page\",\"https:\/\/www.instagram.com\/autohome_official\/\",\"http:\/\/www.youtube.com\/user\/AutohomeOfficial\"],\"description\":\"Le prime tende da tetto auto al mondo, prodotte in Italia dal 1958.\",\"email\":\"info@autohome.it\",\"telephone\":\"0039 0376 99590\",\"legalName\":\"Zifer Italia SRL\",\"vatID\":\"IT01329850208\"},{\"@type\":\"Person\",\"@id\":\"https:\/\/www.autohome-official.com\/#\/schema\/person\/5aa3811ff9a65adae9d352ca25100f4f\",\"name\":\"Amministratore Autohome\",\"image\":{\"@type\":\"ImageObject\",\"inLanguage\":\"fr-FR\",\"@id\":\"https:\/\/www.autohome-official.com\/#\/schema\/person\/image\/\",\"url\":\"https:\/\/secure.gravatar.com\/avatar\/22f0ddef847ba3001bb77fafef22836e?s=96&d=mm&r=g\",\"contentUrl\":\"https:\/\/secure.gravatar.com\/avatar\/22f0ddef847ba3001bb77fafef22836e?s=96&d=mm&r=g\",\"caption\":\"Amministratore Autohome\"}}]}<\/script>\n<!-- \/ Yoast SEO Premium plugin. -->","yoast_head_json":{"title":"Any Soares di Capoverde e Daniele Benzi di Milano - Autohome Official","description":"\"Notre \u00e9quipe est compos\u00e9e de graphistes et de photographes qui ont une grande passion pour notre travail et qui, avec une bonne dose de cr\u00e9ativit\u00e9 et de","robots":{"index":"index","follow":"follow","max-snippet":"max-snippet:-1","max-image-preview":"max-image-preview:large","max-video-preview":"max-video-preview:-1"},"canonical":"https:\/\/www.autohome-official.com\/fr\/any-soares-di-capoverde-e-daniele-benzi-di-milano\/","og_locale":"fr_FR","og_type":"article","og_title":"Any Soares di Capoverde e Daniele Benzi di Milano - Autohome Official","og_description":"\"Notre \u00e9quipe est compos\u00e9e de graphistes et de photographes qui ont une grande passion pour notre travail et qui, avec une bonne dose de cr\u00e9ativit\u00e9 et de","og_url":"https:\/\/www.autohome-official.com\/fr\/any-soares-di-capoverde-e-daniele-benzi-di-milano\/","og_site_name":"Autohome Official","article_publisher":"https:\/\/www.facebook.com\/Autohome.Official.Page","article_published_time":"2016-12-02T14:33:50+00:00","article_modified_time":"2026-01-23T16:46:02+00:00","og_image":[{"width":467,"height":84,"url":"https:\/\/www.autohome-official.com\/wp-content\/uploads\/2016\/12\/soares_benzi-1.jpg","type":"image\/jpeg"}],"author":"Amministratore Autohome","twitter_card":"summary_large_image","twitter_misc":{"\u00c9crit par":"Amministratore Autohome","Dur\u00e9e de lecture estim\u00e9e":"1 minute"},"schema":{"@context":"https:\/\/schema.org","@graph":[{"@type":"Article","@id":"https:\/\/www.autohome-official.com\/fr\/any-soares-di-capoverde-e-daniele-benzi-di-milano\/#article","isPartOf":{"@id":"https:\/\/www.autohome-official.com\/fr\/any-soares-di-capoverde-e-daniele-benzi-di-milano\/"},"author":{"name":"Amministratore Autohome","@id":"https:\/\/www.autohome-official.com\/#\/schema\/person\/5aa3811ff9a65adae9d352ca25100f4f"},"headline":"Any Soares di Capoverde e Daniele Benzi di Milano","datePublished":"2016-12-02T14:33:50+00:00","dateModified":"2026-01-23T16:46:02+00:00","mainEntityOfPage":{"@id":"https:\/\/www.autohome-official.com\/fr\/any-soares-di-capoverde-e-daniele-benzi-di-milano\/"},"wordCount":75,"publisher":{"@id":"https:\/\/www.autohome-official.com\/#organization"},"image":{"@id":"https:\/\/www.autohome-official.com\/fr\/any-soares-di-capoverde-e-daniele-benzi-di-milano\/#primaryimage"},"thumbnailUrl":"https:\/\/www.autohome-official.com\/wp-content\/uploads\/2016\/12\/soares_benzi-1.jpg","articleSection":["testimonial"],"inLanguage":"fr-FR"},{"@type":"WebPage","@id":"https:\/\/www.autohome-official.com\/fr\/any-soares-di-capoverde-e-daniele-benzi-di-milano\/","url":"https:\/\/www.autohome-official.com\/fr\/any-soares-di-capoverde-e-daniele-benzi-di-milano\/","name":"Any Soares di Capoverde e Daniele Benzi di Milano - Autohome Official","isPartOf":{"@id":"https:\/\/www.autohome-official.com\/#website"},"primaryImageOfPage":{"@id":"https:\/\/www.autohome-official.com\/fr\/any-soares-di-capoverde-e-daniele-benzi-di-milano\/#primaryimage"},"image":{"@id":"https:\/\/www.autohome-official.com\/fr\/any-soares-di-capoverde-e-daniele-benzi-di-milano\/#primaryimage"},"thumbnailUrl":"https:\/\/www.autohome-official.com\/wp-content\/uploads\/2016\/12\/soares_benzi-1.jpg","datePublished":"2016-12-02T14:33:50+00:00","dateModified":"2026-01-23T16:46:02+00:00","description":"\"Notre \u00e9quipe est compos\u00e9e de graphistes et de photographes qui ont une grande passion pour notre travail et qui, avec une bonne dose de cr\u00e9ativit\u00e9 et de","breadcrumb":{"@id":"https:\/\/www.autohome-official.com\/fr\/any-soares-di-capoverde-e-daniele-benzi-di-milano\/#breadcrumb"},"inLanguage":"fr-FR","potentialAction":[{"@type":"ReadAction","target":["https:\/\/www.autohome-official.com\/fr\/any-soares-di-capoverde-e-daniele-benzi-di-milano\/"]}]},{"@type":"ImageObject","inLanguage":"fr-FR","@id":"https:\/\/www.autohome-official.com\/fr\/any-soares-di-capoverde-e-daniele-benzi-di-milano\/#primaryimage","url":"https:\/\/www.autohome-official.com\/wp-content\/uploads\/2016\/12\/soares_benzi-1.jpg","contentUrl":"https:\/\/www.autohome-official.com\/wp-content\/uploads\/2016\/12\/soares_benzi-1.jpg","width":467,"height":84,"caption":"Autohome Dachzelt - Roof Top Tents testimonial"},{"@type":"BreadcrumbList","@id":"https:\/\/www.autohome-official.com\/fr\/any-soares-di-capoverde-e-daniele-benzi-di-milano\/#breadcrumb","itemListElement":[{"@type":"ListItem","position":1,"name":"Home","item":"https:\/\/www.autohome-official.com\/fr\/"},{"@type":"ListItem","position":2,"name":"Any Soares di Capoverde e Daniele Benzi di Milano"}]},{"@type":"WebSite","@id":"https:\/\/www.autohome-official.com\/#website","url":"https:\/\/www.autohome-official.com\/","name":"Autohome","description":"Tende da tetto - Dachzelte - Tentes de Toit - Roof Top Tents","publisher":{"@id":"https:\/\/www.autohome-official.com\/#organization"},"alternateName":"Autohome Official","potentialAction":[{"@type":"SearchAction","target":{"@type":"EntryPoint","urlTemplate":"https:\/\/www.autohome-official.com\/?s={search_term_string}"},"query-input":{"@type":"PropertyValueSpecification","valueRequired":true,"valueName":"search_term_string"}}],"inLanguage":"fr-FR"},{"@type":"Organization","@id":"https:\/\/www.autohome-official.com\/#organization","name":"Autohome","alternateName":"Autohome Official","url":"https:\/\/www.autohome-official.com\/","logo":{"@type":"ImageObject","inLanguage":"fr-FR","@id":"https:\/\/www.autohome-official.com\/#\/schema\/logo\/image\/","url":"https:\/\/www.autohome-official.com\/wp-content\/uploads\/2026\/02\/Maggiolina-Autohome-logo.jpg","contentUrl":"https:\/\/www.autohome-official.com\/wp-content\/uploads\/2026\/02\/Maggiolina-Autohome-logo.jpg","width":512,"height":512,"caption":"Autohome"},"image":{"@id":"https:\/\/www.autohome-official.com\/#\/schema\/logo\/image\/"},"sameAs":["https:\/\/www.facebook.com\/Autohome.Official.Page","https:\/\/www.instagram.com\/autohome_official\/","http:\/\/www.youtube.com\/user\/AutohomeOfficial"],"description":"Le prime tende da tetto auto al mondo, prodotte in Italia dal 1958.","email":"info@autohome.it","telephone":"0039 0376 99590","legalName":"Zifer Italia SRL","vatID":"IT01329850208"},{"@type":"Person","@id":"https:\/\/www.autohome-official.com\/#\/schema\/person\/5aa3811ff9a65adae9d352ca25100f4f","name":"Amministratore Autohome","image":{"@type":"ImageObject","inLanguage":"fr-FR","@id":"https:\/\/www.autohome-official.com\/#\/schema\/person\/image\/","url":"https:\/\/secure.gravatar.com\/avatar\/22f0ddef847ba3001bb77fafef22836e?s=96&d=mm&r=g","contentUrl":"https:\/\/secure.gravatar.com\/avatar\/22f0ddef847ba3001bb77fafef22836e?s=96&d=mm&r=g","caption":"Amministratore Autohome"}}]}},"_links":{"self":[{"href":"https:\/\/www.autohome-official.com\/fr\/wp-json\/wp\/v2\/posts\/17568"}],"collection":[{"href":"https:\/\/www.autohome-official.com\/fr\/wp-json\/wp\/v2\/posts"}],"about":[{"href":"https:\/\/www.autohome-official.com\/fr\/wp-json\/wp\/v2\/types\/post"}],"author":[{"embeddable":true,"href":"https:\/\/www.autohome-official.com\/fr\/wp-json\/wp\/v2\/users\/4"}],"replies":[{"embeddable":true,"href":"https:\/\/www.autohome-official.com\/fr\/wp-json\/wp\/v2\/comments?post=17568"}],"version-history":[{"count":1,"href":"https:\/\/www.autohome-official.com\/fr\/wp-json\/wp\/v2\/posts\/17568\/revisions"}],"predecessor-version":[{"id":63779,"href":"https:\/\/www.autohome-official.com\/fr\/wp-json\/wp\/v2\/posts\/17568\/revisions\/63779"}],"wp:featuredmedia":[{"embeddable":true,"href":"https:\/\/www.autohome-official.com\/fr\/wp-json\/wp\/v2\/media\/63472"}],"wp:attachment":[{"href":"https:\/\/www.autohome-official.com\/fr\/wp-json\/wp\/v2\/media?parent=17568"}],"wp:term":[{"taxonomy":"category","embeddable":true,"href":"https:\/\/www.autohome-official.com\/fr\/wp-json\/wp\/v2\/categories?post=17568"},{"taxonomy":"post_tag","embeddable":true,"href":"https:\/\/www.autohome-official.com\/fr\/wp-json\/wp\/v2\/tags?post=17568"}],"curies":[{"name":"wp","href":"https:\/\/api.w.org\/{rel}","templated":true}]}}